{"id":1244,"date":"2020-06-02T11:14:21","date_gmt":"2020-06-02T09:14:21","guid":{"rendered":"http:\/\/popupvegetal.com\/?p=1244"},"modified":"2020-06-02T11:20:51","modified_gmt":"2020-06-02T09:20:51","slug":"formation-vert-la-table","status":"publish","type":"post","link":"https:\/\/legumistes.com\/index.php\/2020\/06\/02\/formation-vert-la-table\/","title":{"rendered":"Formation professionnelle Vert la Table"},"content":{"rendered":"\n<p><\/p>\n\n\n\n<p><\/p>\n\n\n\n<figure class=\"wp-block-image size-large\"><img loading=\"lazy\" decoding=\"async\" width=\"1024\" height=\"465\" src=\"http:\/\/popupvegetal.com\/wp-content\/uploads\/2020\/06\/sebastian-coman-photography-cqbosrpelxw-unsplash-1024x465.jpg\" alt=\"\" class=\"wp-image-1234\" srcset=\"https:\/\/legumistes.com\/wp-content\/uploads\/2020\/06\/sebastian-coman-photography-cqbosrpelxw-unsplash-1024x465.jpg 1024w, https:\/\/legumistes.com\/wp-content\/uploads\/2020\/06\/sebastian-coman-photography-cqbosrpelxw-unsplash-300x136.jpg 300w, https:\/\/legumistes.com\/wp-content\/uploads\/2020\/06\/sebastian-coman-photography-cqbosrpelxw-unsplash-768x349.jpg 768w, https:\/\/legumistes.com\/wp-content\/uploads\/2020\/06\/sebastian-coman-photography-cqbosrpelxw-unsplash.jpg 2048w\" sizes=\"auto, (max-width: 1024px) 100vw, 1024px\" \/><\/figure>\n\n\n\n<p>Vous \u00eates cuisinier \/ cuisini\u00e8re professionnel.le ou porteur de projet et vous souhaitez \u00e9toffer vos comp\u00e9tences ?&nbsp;<br>\u00c0 partir de novembre prochain, vous pourrez d\u00e9sormais int\u00e9grer une formation destin\u00e9e aux professionnels pour vous former \u00e0 la cuisine v\u00e9g\u00e9tale, bio, saine et sans allerg\u00e8nes \u00e0 l&rsquo;\u00e9cole de cuisine @vertlatable, fond\u00e9e par Florence Lappen, \u00e0 Marseille.<\/p>\n\n\n\n<p>L&rsquo;\u00e9quipe est compos\u00e9e de 14 formateurs et formatrices professionnel.le.s&nbsp;<\/p>\n\n\n\n<p>&#8211; 15 jours de formation (105h)<br>&#8211; 10h de th\u00e9orie<br>&#8211; 95h de pratique<br>&#8211; 8 places par session<\/p>\n\n\n\n<p>Cette formation est ouverte \u00e0 toute personne souhaitant se former et proposer des prestations en lien avec la cuisine v\u00e9g\u00e9tale et sans allerg\u00e8nes. Il n&rsquo;y a pas de pr\u00e9-requis.<\/p>\n\n\n\n<p>Les inscriptions pour la session de formation \u00a0\u00bb La cuisine sant\u00e9 pour les pros \u00a0\u00bb du mois de novembre 2020 sont ouvertes.<\/p>\n\n\n\n<p>L&rsquo;\u00e9quipe de formation :&nbsp;<\/p>\n\n\n\n<p>@ popupvegetal @instantvpatisserie @restovegangorilla @vertlatable @julesetgreen @resto_le_presage @soji_vegan @eva_lespetitsplats<br>@clara_onuki @goodtruck13 @labolapepite @ariane_roques<\/p>\n\n\n\n<p>Pour en savoir plus visitez la page <a href=\"http:\/\/www.vertlatable.fr\">http:\/\/www.vertlatable.fr<\/a><\/p>\n\n\n\n<p>#ecoledecuisine #cuisinevegetale #formationprofessionnelle #ecoledecuisinesaine #cuisinesansallerg\u00e8nes<\/p>\n","protected":false},"excerpt":{"rendered":"<p>Vous \u00eates cuisinier \/ cuisini\u00e8re professionnel.le ou porteur de projet et vous souhaitez \u00e9toffer vos comp\u00e9tences ?&nbsp;\u00c0 partir de novembre prochain, vous pourrez d\u00e9sormais int\u00e9grer une formation destin\u00e9e aux professionnels pour vous former \u00e0 la cuisine v\u00e9g\u00e9tale, bio, saine et sans allerg\u00e8nes \u00e0 l&rsquo;\u00e9cole de cuisine @vertlatable, fond\u00e9e par Florence Lappen, \u00e0 Marseille. L&rsquo;\u00e9quipe est&hellip;<\/p>\n","protected":false},"author":1,"featured_media":1234,"comment_status":"open","ping_status":"open","sticky":true,"template":"","format":"standard","meta":{"footnotes":""},"categories":[10],"tags":[26,25,24,27],"class_list":["post-1244","post","type-post","status-publish","format-standard","has-post-thumbnail","hentry","category-actualite","tag-cuisine-vegan","tag-cuisine-vegetale","tag-formation","tag-formation-professionnelle-cuisine-vegetale","category-10","description-off"],"_links":{"self":[{"href":"https:\/\/legumistes.com\/index.php\/wp-json\/wp\/v2\/posts\/1244","targetHints":{"allow":["GET"]}}],"collection":[{"href":"https:\/\/legumistes.com\/index.php\/wp-json\/wp\/v2\/posts"}],"about":[{"href":"https:\/\/legumistes.com\/index.php\/wp-json\/wp\/v2\/types\/post"}],"author":[{"embeddable":true,"href":"https:\/\/legumistes.com\/index.php\/wp-json\/wp\/v2\/users\/1"}],"replies":[{"embeddable":true,"href":"https:\/\/legumistes.com\/index.php\/wp-json\/wp\/v2\/comments?post=1244"}],"version-history":[{"count":6,"href":"https:\/\/legumistes.com\/index.php\/wp-json\/wp\/v2\/posts\/1244\/revisions"}],"predecessor-version":[{"id":1250,"href":"https:\/\/legumistes.com\/index.php\/wp-json\/wp\/v2\/posts\/1244\/revisions\/1250"}],"wp:featuredmedia":[{"embeddable":true,"href":"https:\/\/legumistes.com\/index.php\/wp-json\/wp\/v2\/media\/1234"}],"wp:attachment":[{"href":"https:\/\/legumistes.com\/index.php\/wp-json\/wp\/v2\/media?parent=1244"}],"wp:term":[{"taxonomy":"category","embeddable":true,"href":"https:\/\/legumistes.com\/index.php\/wp-json\/wp\/v2\/categories?post=1244"},{"taxonomy":"post_tag","embeddable":true,"href":"https:\/\/legumistes.com\/index.php\/wp-json\/wp\/v2\/tags?post=1244"}],"curies":[{"name":"wp","href":"https:\/\/api.w.org\/{rel}","templated":true}]}}