{"id":1158,"date":"2019-01-10T11:35:20","date_gmt":"2019-01-10T10:35:20","guid":{"rendered":"http:\/\/popupvegetal.com\/?p=1158"},"modified":"2019-01-10T11:35:20","modified_gmt":"2019-01-10T10:35:20","slug":"lundi-vert","status":"publish","type":"post","link":"https:\/\/legumistes.com\/index.php\/2019\/01\/10\/lundi-vert\/","title":{"rendered":"Lundi Vert"},"content":{"rendered":"<p><a class=\"_58cn\" href=\"https:\/\/www.facebook.com\/hashtag\/lundivert?source=feed_text&amp;epa=HASHTAG&amp;__xts__%5B0%5D=68.ARBz7mW-MimosWZG6mI5oTQEn0_VplWIFSBUAB_W4pC2zY5Uq72NVSv58Xo6Kh1hDCLBHbcMglPTFpjl6Pwk0ERS6QygrtygSsv2huoIhCGE28XpHctGXWTyz01gSTbbgWfaPq8LXEOiVNY-Z8j1CtSQ_F-S32D87Y9Rus99QGfshyXwUAIxh9RWaxXFZj79KVb1y-yLgZxIDfbq&amp;__tn__=%2ANK-R\" data-ft=\"{&quot;type&quot;:104,&quot;tn&quot;:&quot;*N&quot;}\"><span class=\"_5afx\"><span class=\"_58cl _5afz\" aria-label=\"hashtag\">#<\/span><span class=\"_58cm\">Lundivert<\/span><\/span><\/a>\u00a0<span class=\"_5mfr\"><span class=\"_6qdm\">\ud83c\udf3f<\/span><\/span>\u00a0L&rsquo;appel des #500<\/p>\n<p>Nous nous engageons aux c\u00f4t\u00e9s de 500 personnalit\u00e9s signataires \u00e0 l&rsquo;appel du Lundi Vert<br \/>\nParce qu&rsquo;elles le font d\u00e9j\u00e0 ou qu&rsquo;elles l\u2019envisagent, ces personnalit\u00e9s s\u2019engagent \u00e0 remplacer chaque lundi la viande et le poisson d\u00e8s 2019.<\/p>\n<div class=\"text_exposed_show\">\n<p>Nous soutenons vivement cette action et vous invitons \u00e0 nous rejoindre.<\/p>\n<p><span class=\"_5mfr\"><span class=\"_6qdm\">\ud83c\udf49<\/span><\/span>\u00a0Via Facebook en aimant la page\u00a0<a class=\"profileLink\" href=\"https:\/\/www.facebook.com\/LundiVert.fr\/?__tn__=K-R&amp;eid=ARCeaSCRdzb5SqBq1mob4oekbtcor-ujyaekv0VHSA382bwh5RaFDSyEWn458L4kaBuYvObf0Du99BlG&amp;fref=mentions&amp;__xts__%5B0%5D=68.ARBz7mW-MimosWZG6mI5oTQEn0_VplWIFSBUAB_W4pC2zY5Uq72NVSv58Xo6Kh1hDCLBHbcMglPTFpjl6Pwk0ERS6QygrtygSsv2huoIhCGE28XpHctGXWTyz01gSTbbgWfaPq8LXEOiVNY-Z8j1CtSQ_F-S32D87Y9Rus99QGfshyXwUAIxh9RWaxXFZj79KVb1y-yLgZxIDfbq\" data-hovercard=\"\/ajax\/hovercard\/page.php?id=984455221726712&amp;extragetparams=%7B%22__tn__%22%3A%22%2CdK-R-R%22%2C%22eid%22%3A%22ARCeaSCRdzb5SqBq1mob4oekbtcor-ujyaekv0VHSA382bwh5RaFDSyEWn458L4kaBuYvObf0Du99BlG%22%2C%22fref%22%3A%22mentions%22%7D\" data-hovercard-prefer-more-content-show=\"1\">Lundi Vert<\/a>\u00a0pour manifester votre soutien<br \/>\n<span class=\"_5mfr\"><span class=\"_6qdm\">\ud83c\udf4a<\/span><\/span>\u00a0Sur le site\u00a0<a href=\"http:\/\/www.lundi-vert.fr\/?fbclid=IwAR3qgulL4h-FYOExuQl84a6qyNJqKnj4L15M-YtdIX8vG3aIB7901HpJqBw\" target=\"_blank\" rel=\"noopener nofollow\" data-ft=\"{&quot;tn&quot;:&quot;-U&quot;}\" data-lynx-mode=\"async\" data-lynx-uri=\"https:\/\/l.facebook.com\/l.php?u=http%3A%2F%2Fwww.lundi-vert.fr%2F%3Ffbclid%3DIwAR3qgulL4h-FYOExuQl84a6qyNJqKnj4L15M-YtdIX8vG3aIB7901HpJqBw&amp;h=AT3nz_d9ugHP1YVKj1gFv9eopYDdXY3qNnWkNmt8oFFNaPBrqSPUuSOsvPkhOqwPOpEVVLqGvB8JZIpu895O_45tS0t1_Z2XmqQW7Lt0LaLHvJftiXVy-9ecPTFN0mab6xuTGYuvPpyw2789UI5mfqGYJLnoQrIzOPABOCr1kWE8QB9-wDJNtcv0p15lnLvo_JwbWgNV4oLcK9UriyRFgPU43q6cslnYCiBbbnWzPhsbSvwEoh-BS2PmLYKcZSbLpNkOWdt7DmuiYjrgv6A8hnCogeAk-mFwLBN1UmueprreZaFFdCOE0Bh5b-kbf9bgo1JyGIuEE7ZQDILxuSMzx4Lx_6MTmZD9q0KNKpSDXmTg2N9iuE0jWo0uxgxDeVqNXF18FMXqnblMAWk87dhyDANSgRVgZl-btchHSHHIYTKXCOEdHB3AqebSNUA27bDpN6wRtqGjXzNqvg\">www.lundi-vert.fr<\/a>\u00a0en vous inscrivant.<br \/>\n<span class=\"_5mfr\"><span class=\"_6qdm\">\ud83c\udf52<\/span><\/span>\u00a0En relayant le logo sur votre compte Instagram avec le #lundivert<\/p>\n<p>En v\u00e9g\u00e9talisant nos lundis, nous rejoignons ainsi les 40 pays dans le monde qui proposent d\u00e9j\u00e0 cette action.<\/p>\n<p>Des b\u00e9n\u00e9fices concrets :<br \/>\n&#8211; Pour la plan\u00e8te (gaz \u00e0 effets de serre, eau, d\u00e9forestation)<br \/>\n&#8211; Pour notre sant\u00e9 (cancer, diab\u00e8te, maladies cardio-vasculaires)<br \/>\n&#8211; Pour les animaux (la majorit\u00e9 des animaux consomm\u00e9s aujourd\u2019hui font l\u2019objet de traitements inacceptables durant leur \u00e9levage industriel ou leur abattage)<\/p>\n<p><span class=\"_5mfr\"><span class=\"_6qdm\">\u2b50<\/span><\/span>\u00a0Bonne ann\u00e9e v\u00e9g\u00e9tale<\/p>\n<\/div>\n","protected":false},"excerpt":{"rendered":"<p>#Lundivert\u00a0\ud83c\udf3f\u00a0L&rsquo;appel des #500 Nous nous engageons aux c\u00f4t\u00e9s de 500 personnalit\u00e9s signataires \u00e0 l&rsquo;appel du Lundi Vert Parce qu&rsquo;elles le font d\u00e9j\u00e0 ou qu&rsquo;elles l\u2019envisagent, ces personnalit\u00e9s s\u2019engagent \u00e0 remplacer chaque lundi la viande et le poisson d\u00e8s 2019. Nous soutenons vivement cette action et vous invitons \u00e0 nous rejoindre. \ud83c\udf49\u00a0Via Facebook en aimant la&hellip;<\/p>\n","protected":false},"author":1,"featured_media":1159,"comment_status":"open","ping_status":"open","sticky":false,"template":"","format":"standard","meta":{"footnotes":""},"categories":[10],"tags":[21,23,20,22],"class_list":["post-1158","post","type-post","status-publish","format-standard","has-post-thumbnail","hentry","category-actualite","tag-ecologie","tag-ethique","tag-lundi-vert","tag-sante","category-10","description-off"],"_links":{"self":[{"href":"https:\/\/legumistes.com\/index.php\/wp-json\/wp\/v2\/posts\/1158","targetHints":{"allow":["GET"]}}],"collection":[{"href":"https:\/\/legumistes.com\/index.php\/wp-json\/wp\/v2\/posts"}],"about":[{"href":"https:\/\/legumistes.com\/index.php\/wp-json\/wp\/v2\/types\/post"}],"author":[{"embeddable":true,"href":"https:\/\/legumistes.com\/index.php\/wp-json\/wp\/v2\/users\/1"}],"replies":[{"embeddable":true,"href":"https:\/\/legumistes.com\/index.php\/wp-json\/wp\/v2\/comments?post=1158"}],"version-history":[{"count":1,"href":"https:\/\/legumistes.com\/index.php\/wp-json\/wp\/v2\/posts\/1158\/revisions"}],"predecessor-version":[{"id":1160,"href":"https:\/\/legumistes.com\/index.php\/wp-json\/wp\/v2\/posts\/1158\/revisions\/1160"}],"wp:featuredmedia":[{"embeddable":true,"href":"https:\/\/legumistes.com\/index.php\/wp-json\/wp\/v2\/media\/1159"}],"wp:attachment":[{"href":"https:\/\/legumistes.com\/index.php\/wp-json\/wp\/v2\/media?parent=1158"}],"wp:term":[{"taxonomy":"category","embeddable":true,"href":"https:\/\/legumistes.com\/index.php\/wp-json\/wp\/v2\/categories?post=1158"},{"taxonomy":"post_tag","embeddable":true,"href":"https:\/\/legumistes.com\/index.php\/wp-json\/wp\/v2\/tags?post=1158"}],"curies":[{"name":"wp","href":"https:\/\/api.w.org\/{rel}","templated":true}]}}