{"id":1117,"date":"2018-10-02T15:31:48","date_gmt":"2018-10-02T13:31:48","guid":{"rendered":"http:\/\/popupvegetal.com\/?p=1117"},"modified":"2018-10-02T15:41:34","modified_gmt":"2018-10-02T13:41:34","slug":"brunch-au-potager-1","status":"publish","type":"post","link":"https:\/\/legumistes.com\/index.php\/2018\/10\/02\/brunch-au-potager-1\/","title":{"rendered":"Brunch au potager #1"},"content":{"rendered":"<p style=\"text-align: left;\">Dimanche nous vous retrouvions sous un ciel d\u2019\u00e9t\u00e9 en automne, aupr\u00e8s de notre lumineuse Jenny @des_papilles_qui_petillent et de Jean, l\u2019\u00e2me du lieu\u00a0<a class=\"_58cn\" href=\"https:\/\/www.facebook.com\/hashtag\/croqjardin?source=feed_text&amp;__xts__%5B0%5D=68.ARBQbEDyMT_Gl8vDxTX_Dbh98vJ8KOiwyGaNEtnV2kephxl4UZp5L2Fj-wnkXbfIlLxU7K-tg77ereVhUfYSEDS-LRsAoaVBQurxTOsxRFX-H-TLOXtAJLr9UPb8my47MBcC0p5Y1K7hFMWnXOIxSPSV7hDd_GqiTVh5ZBif5L_hRN15r8jU&amp;__tn__=%2ANK-R\" data-ft=\"{&quot;type&quot;:104,&quot;tn&quot;:&quot;*N&quot;}\"><span class=\"_5afx\"><span class=\"_58cl _5afz\" aria-label=\"hashtag\">#<\/span><span class=\"_58cm\">croqjardin<\/span><\/span><\/a>, pour une journ\u00e9e toute particuli\u00e8re. Nous avions \u00e0 c\u0153ur, au del\u00e0 de ce pr\u00e9texte gourmand, de vous faire d\u00e9couvrir ce jardin unique, \u00e9cologique et exp\u00e9rimental, dont la trame est celle de la transmission et du partage.<\/p>\n<p style=\"text-align: left;\">Ce fut \u00e9galement l&rsquo;occasion d&rsquo;appr\u00e9hender une cuisine plus minimaliste et \u00e0 ciel ouvert, \u00e0 l&rsquo;aide d&rsquo;un four et de panneaux solaires.<\/p>\n<p style=\"text-align: left;\">Une journ\u00e9e radieuse, de la chaleur humaine, un \u00e9crin hors du temps et de nourrissants partages !<\/p>\n<p style=\"text-align: left;\"><span class=\"text_exposed_show\">Il y aura assur\u00e9ment de nouveaux chapitres ! Chaque \u00e9v\u00e9nement conforte notre volont\u00e9 et d\u00e9sir de poursuivre cette histoire \u00e9crite \u00e0 plusieurs voix.<br \/>\nMerci pour vos encouragements, chaque fois plus nombreux, et vos \u00e2mes curieuses et intr\u00e9pides<\/span><\/p>\n<p>&nbsp;<\/p>\n<p><img loading=\"lazy\" decoding=\"async\" class=\"aligncenter wp-image-1113 size-large\" src=\"http:\/\/popupvegetal.com\/wp-content\/uploads\/2018\/10\/P1340744-1024x769.jpg\" alt=\"\" width=\"1024\" height=\"769\" \/><\/p>\n<p>&nbsp;<\/p>\n<p><img loading=\"lazy\" decoding=\"async\" class=\"aligncenter wp-image-1108 size-large\" src=\"http:\/\/popupvegetal.com\/wp-content\/uploads\/2018\/10\/P1340767-768x1024.jpg\" alt=\"\" width=\"768\" height=\"1024\" \/><\/p>\n","protected":false},"excerpt":{"rendered":"<p>Dimanche nous vous retrouvions sous un ciel d\u2019\u00e9t\u00e9 en automne, aupr\u00e8s de notre lumineuse Jenny @des_papilles_qui_petillent et de Jean, l\u2019\u00e2me du lieu\u00a0#croqjardin, pour une journ\u00e9e toute particuli\u00e8re. Nous avions \u00e0 c\u0153ur, au del\u00e0 de ce pr\u00e9texte gourmand, de vous faire d\u00e9couvrir ce jardin unique, \u00e9cologique et exp\u00e9rimental, dont la trame est celle de la transmission&hellip;<\/p>\n","protected":false},"author":1,"featured_media":1107,"comment_status":"open","ping_status":"open","sticky":false,"template":"","format":"standard","meta":{"footnotes":""},"categories":[6],"tags":[18,19],"class_list":["post-1117","post","type-post","status-publish","format-standard","has-post-thumbnail","hentry","category-evenements","tag-brunch-vegetal","tag-jardin-ecologique","category-6","description-off"],"_links":{"self":[{"href":"https:\/\/legumistes.com\/index.php\/wp-json\/wp\/v2\/posts\/1117","targetHints":{"allow":["GET"]}}],"collection":[{"href":"https:\/\/legumistes.com\/index.php\/wp-json\/wp\/v2\/posts"}],"about":[{"href":"https:\/\/legumistes.com\/index.php\/wp-json\/wp\/v2\/types\/post"}],"author":[{"embeddable":true,"href":"https:\/\/legumistes.com\/index.php\/wp-json\/wp\/v2\/users\/1"}],"replies":[{"embeddable":true,"href":"https:\/\/legumistes.com\/index.php\/wp-json\/wp\/v2\/comments?post=1117"}],"version-history":[{"count":3,"href":"https:\/\/legumistes.com\/index.php\/wp-json\/wp\/v2\/posts\/1117\/revisions"}],"predecessor-version":[{"id":1120,"href":"https:\/\/legumistes.com\/index.php\/wp-json\/wp\/v2\/posts\/1117\/revisions\/1120"}],"wp:featuredmedia":[{"embeddable":true,"href":"https:\/\/legumistes.com\/index.php\/wp-json\/wp\/v2\/media\/1107"}],"wp:attachment":[{"href":"https:\/\/legumistes.com\/index.php\/wp-json\/wp\/v2\/media?parent=1117"}],"wp:term":[{"taxonomy":"category","embeddable":true,"href":"https:\/\/legumistes.com\/index.php\/wp-json\/wp\/v2\/categories?post=1117"},{"taxonomy":"post_tag","embeddable":true,"href":"https:\/\/legumistes.com\/index.php\/wp-json\/wp\/v2\/tags?post=1117"}],"curies":[{"name":"wp","href":"https:\/\/api.w.org\/{rel}","templated":true}]}}