{"id":1034,"date":"2018-09-14T20:09:08","date_gmt":"2018-09-14T18:09:08","guid":{"rendered":"http:\/\/popupvegetal.com\/?p=1034"},"modified":"2018-09-14T20:09:08","modified_gmt":"2018-09-14T18:09:08","slug":"rudolf-steiner","status":"publish","type":"post","link":"https:\/\/legumistes.com\/index.php\/2018\/09\/14\/rudolf-steiner\/","title":{"rendered":"Rudolf Steiner"},"content":{"rendered":"<p>Connaissez-vous cet homme ?<\/p>\n<p>C&rsquo;est Rudolf Steiner (1861-1925), philosophe et scientifique autrichien connu pour \u00eatre le fondateur de l\u2019Anthroposophie, un courant de pens\u00e9e qui int\u00e8gre les composantes psychiques et spirituelles du monde dans sa d\u00e9marche scientifique.<\/p>\n<p>L\u2019agriculture biodynamique est l\u2019un des courants fondateurs de l\u2019agriculture biologique. D\u00e8s le d\u00e9but des ann\u00e9es 1920, des agriculte<span class=\"text_exposed_show\">urs s\u2019inqui\u00e8tent de constater certains ph\u00e9nom\u00e8nes comme la d\u00e9g\u00e9n\u00e9rescence des plantes cultiv\u00e9es, la perte de f\u00e9condit\u00e9 des troupeaux ou la diminution de la qualit\u00e9 des aliments. Ils font alors appel \u00e0 Rudolf Steiner. Ce dernier donna en 1924 un cycle de huit conf\u00e9rences connu sous le nom de Cours aux agriculteurs, o\u00f9 il posa les fondements th\u00e9oriques et pratiques de cette agriculture qui cherche \u00e0 saisir la nature profonde de la terre, des plantes et des animaux pour travailler en les respectant.<\/p>\n<p>La biodynamie consid\u00e8re la Terre comme un \u201cTout\u201d, comme un \u00eatre vivant qui suit sa propre \u00e9volution. Il appara\u00eet aujourd\u2019hui que cet organisme vieillissant naturellement est encore plus affaibli par certaines activit\u00e9s humaines (pollutions chimiques, radioactives, \u00e9lectro-magn\u00e9tiques, g\u00e9n\u00e9tiques\u2026), ce qui rend n\u00e9cessaire et urgent la mise en \u0153uvre de m\u00e9thodes pour vivifier et soigner le sol, les plantes, les animaux et les hommes.<\/p>\n<p>L\u2019agriculture biodynamique apporte des perspectives \u00e0 ces d\u00e9fis pour l\u2019avenir. En effet, si les pratiques agronomiques de base (rotations longues, culture de l\u00e9gumineuses et d\u2019engrais verts, travail mod\u00e9r\u00e9 du sol, d\u00e9sherbage m\u00e9canique ou thermique, compostage des mati\u00e8res organiques\u2026) sont semblables \u00e0 celles de l\u2019agriculture biologique, des pratiques sp\u00e9cifiques sont propos\u00e9es pour favoriser la vitalit\u00e9 des cultures et les processus de vie au sein de la ferme ou du jardin. Toutes ces pratiques ont un but commun : cr\u00e9er du lien entre le sol, la plante et le monde animal, restaurer l\u2019unit\u00e9 des \u00e9cosyst\u00e8mes et stimuler les \u00e9changes entre les diff\u00e9rents niveaux (de la vie microscopique du sol jusqu\u2019au influences plan\u00e9taires, en passant par les niveaux interm\u00e9diaires que sont la parcelle, la ferme avec ses paysages, le territoire avec ses \u00e9changes sociaux et \u00e9conomiques).<\/p>\n<p>Source : <a href=\"https:\/\/l.facebook.com\/l.php?u=http%3A%2F%2Fwww.bio-dynamie.org%2F&amp;h=AT16yzkr4uCNgqCgFUWR38_OgEd-PRwZ0E2nysc6mm_1fTeEkTdacJ1ARcxGBScDECGoNsl_3j3-WAwkgEJGRHXI0s1bPGQ1Puuz-RfUOUYjLRCJmIXFWlPnDHl0nyLb-XwdDOCuiN2yDIQCXMAOVN7O9Q\" target=\"_blank\" rel=\"nofollow noopener\" data-lynx-mode=\"origin\">www.bio-dynamie.org<\/a><\/p>\n<p>Cet \u00e9t\u00e9, nous avons s\u00e9lectionn\u00e9 un vin local, cultiv\u00e9 en agriculture biodynamique, certifi\u00e9 Demeter. C&rsquo;est le Ch\u00e2teau Fontvert, \u00e0 Lourmarin, \u00e0 quelques pas du ch\u00e2teau.<\/p>\n<p>Et si le sujet du vin v\u00e9g\u00e9tal vous int\u00e9resse, nous vous sugg\u00e9rons de consulter le Guide Brachet des vins vegan et v\u00e9g\u00e9taliens, de Claire Brachet <a href=\"https:\/\/www.facebook.com\/doublev.vinvegetal\/\" data-hovercard=\"\/ajax\/hovercard\/page.php?id=308952372625856&amp;extragetparams=%7B%22directed_target_id%22%3Anull%2C%22groups_location%22%3Anull%7D\" data-hovercard-prefer-more-content-show=\"1\">Double V &#8211; Vin &amp; V\u00e9g\u00e9tal<\/a><\/span><\/p>\n","protected":false},"excerpt":{"rendered":"<p>Connaissez-vous cet homme ? C&rsquo;est Rudolf Steiner (1861-1925), philosophe et scientifique autrichien connu pour \u00eatre le fondateur de l\u2019Anthroposophie, un courant de pens\u00e9e qui int\u00e8gre les composantes psychiques et spirituelles du monde dans sa d\u00e9marche scientifique. L\u2019agriculture biodynamique est l\u2019un des courants fondateurs de l\u2019agriculture biologique. D\u00e8s le d\u00e9but des ann\u00e9es 1920, des agriculteurs s\u2019inqui\u00e8tent&hellip;<\/p>\n","protected":false},"author":1,"featured_media":1035,"comment_status":"open","ping_status":"open","sticky":false,"template":"","format":"standard","meta":{"footnotes":""},"categories":[14],"tags":[17,15,16],"class_list":["post-1034","post","type-post","status-publish","format-standard","has-post-thumbnail","hentry","category-alimentation-consciente","tag-agriculture-vivante","tag-biodynamie","tag-vins-naturels","category-14","description-off"],"_links":{"self":[{"href":"https:\/\/legumistes.com\/index.php\/wp-json\/wp\/v2\/posts\/1034","targetHints":{"allow":["GET"]}}],"collection":[{"href":"https:\/\/legumistes.com\/index.php\/wp-json\/wp\/v2\/posts"}],"about":[{"href":"https:\/\/legumistes.com\/index.php\/wp-json\/wp\/v2\/types\/post"}],"author":[{"embeddable":true,"href":"https:\/\/legumistes.com\/index.php\/wp-json\/wp\/v2\/users\/1"}],"replies":[{"embeddable":true,"href":"https:\/\/legumistes.com\/index.php\/wp-json\/wp\/v2\/comments?post=1034"}],"version-history":[{"count":1,"href":"https:\/\/legumistes.com\/index.php\/wp-json\/wp\/v2\/posts\/1034\/revisions"}],"predecessor-version":[{"id":1036,"href":"https:\/\/legumistes.com\/index.php\/wp-json\/wp\/v2\/posts\/1034\/revisions\/1036"}],"wp:featuredmedia":[{"embeddable":true,"href":"https:\/\/legumistes.com\/index.php\/wp-json\/wp\/v2\/media\/1035"}],"wp:attachment":[{"href":"https:\/\/legumistes.com\/index.php\/wp-json\/wp\/v2\/media?parent=1034"}],"wp:term":[{"taxonomy":"category","embeddable":true,"href":"https:\/\/legumistes.com\/index.php\/wp-json\/wp\/v2\/categories?post=1034"},{"taxonomy":"post_tag","embeddable":true,"href":"https:\/\/legumistes.com\/index.php\/wp-json\/wp\/v2\/tags?post=1034"}],"curies":[{"name":"wp","href":"https:\/\/api.w.org\/{rel}","templated":true}]}}